{"id":34614,"date":"2022-01-07T07:59:42","date_gmt":"2022-01-07T05:59:42","guid":{"rendered":"https:\/\/adremlimburg.nl\/?p=34614"},"modified":"2025-10-14T11:24:55","modified_gmt":"2025-10-14T09:24:55","slug":"gala-car-hire-limburg","status":"publish","type":"post","link":"https:\/\/adremlimburg.nl\/en\/blog\/gala-auto-huren-limburg\/","title":{"rendered":"Car hire Gala Limburg"},"content":{"rendered":"<p><strong>Momenteel verhuren wij geen gala auto&#8217;s in Limburg<\/strong>.<\/p>\n<p>De meeste mensen maken maar \u00e9\u00e9n of twee keer in hun leven een gala mee. Bijvoorbeeld wanneer ze geslaagd zijn voor hun opleiding of bij een andere bijzondere gelegenheid. Voor zo\u2019n speciale dag wil je er natuurlijk wel op je allermooist uitzien. Je familie, vrienden of studiegenoten zullen komen kijken en er zullen honderden foto\u2019s genomen worden. H\u00e9t moment dus om er tot in de puntjes verzorgd uit te zien en een verpletterende indruk achter te laten. Waarschijnlijk ben je al weken bezig om de perfecte outfit te vinden en andere belangrijke voorbereidingen te treffen. Heb je ook al nagedacht over hoe je op het gala wilt verschijnen? Een bijzondere gala auto mag namelijk niet ontbreken als je een onvergetelijke binnenkomst wilt maken! Bovendien vormt je gala auto de perfecte achtergrond voor prachtige galafoto\u2019s met je geliefde, vrienden of familie. Het is daarom belangrijk om voldoende aandacht te besteden aan het vinden van de ideale gala auto. Wil jij ook een gala auto huren in Limburg? Dan hebben we een paar tips voor je. Ook hebben we de drie mooiste gala auto\u2019s al voor je uitgezocht, zodat jij alleen nog maar eentje hoeft uit te kiezen die het allerbeste bij jou past.<\/p>\n<h2>Auto huren gala Limburg: tips<\/h2>\n<p>Ga jij een auto huren voor een gala in Limburg? Dan zijn er een paar dingen waar je rekening mee moet houden. Ten eerste is het belangrijk om te bedenken of je zelf naar het gala wilt rijden, of je iemand van je familie of vrienden vraagt om te rijden of dat je in luxe wilt aankomen met een chauffeur. Wil je graag in stijl worden afgezet door een chauffeur? Vraag dan altijd even of dit mogelijk is op de locatie waar jij je gala auto gaat huren. Ook is het goed om na te denken over de versiering van de auto. Je kunt de gala auto namelijk personaliseren met een mooi lint, een bloemstuk of een grote strik. Een derde tip die we voor je hebben is om een proefrit te maken alvorens je een auto huurt in Limburg voor het gala. Op deze manier kun je makkelijker bepalen of je jezelf ziet aankomen in deze auto op jouw bijzondere dag.<\/p>\n<h2>3 mooiste auto\u2019s voor gala Limburg<\/h2>\n<p>Een gala auto huren in Zuid Limburg was nog nooit zo makkelijk als nu. Wij hebben namelijk al drie perfecte auto\u2019s voor je uitgezocht waarmee jij gegarandeerd een onvergetelijke indruk zult achterlaten tijdens je gala. Onze echte favoriet is toch wel de klassieke, Italiaanse sportauto genaamd de Fiat Spider. Zeker als je een zwarte jurk of een zwart pak aandoet, maak je met deze complementerende, vuurrode versie een verpletterende indruk. Het leuke is dat je de kap van de auto omlaag kunt doen, zodat iedereen jou al van ver ziet aankomen. Ook in Le Patron met Franse stijl kun je stralend en zonder dak je gala tegemoet rijden. Met deze zwarte, open tweezitter kom jij gegarandeerd in stijl aan. Wil je liever iets super origineels? Ga dan voor de schattige Fiat 500, ook wel bolleke, rugzakje en puntenslijper genoemd. De Fiat 500 werd ge\u00efntroduceerd in 1957 en is \u00e9\u00e9n van de kleinste auto\u2019s ooit. Wedden dat jij als enige aankomt in zo\u2019n stoere, okergele fiat? Alle ogen zullen op jou gericht zijn.<\/p>\n<p>Naast gala auto&#8217;s kun je bij Adrem Autoverhuur Limburg ook terecht voor <a href=\"\/en\/cheap-hire\/car-hire\/\">personenauto&#8217;s<\/a>, <a href=\"\/en\/cheap-hire\/minibus-rental\/\">passenger buses<\/a> English <a href=\"\/en\/cheap-hire\/delivery-van-hire\/\">bestelbussen.<\/a><\/p>","protected":false},"excerpt":{"rendered":"<p>Momenteel verhuren wij geen gala auto&#8217;s in Limburg. De meeste mensen maken maar \u00e9\u00e9n of twee keer in hun leven een gala mee. Bijvoorbeeld wanneer ze geslaagd zijn voor hun opleiding of bij een andere bijzondere gelegenheid. Voor zo\u2019n speciale dag wil je er natuurlijk wel op je allermooist uitzien. Je familie, vrienden of studiegenoten [&hellip;]<\/p>\n","protected":false},"author":15,"featured_media":41811,"comment_status":"open","ping_status":"open","sticky":false,"template":"","format":"standard","meta":{"_acf_changed":false,"inline_featured_image":false,"footnotes":""},"categories":[22],"tags":[21],"class_list":["post-34614","post","type-post","status-publish","format-standard","has-post-thumbnail","hentry","category-auto-huren","tag-auto-huren"],"acf":[],"_links":{"self":[{"href":"https:\/\/adremlimburg.nl\/en\/wp-json\/wp\/v2\/posts\/34614","targetHints":{"allow":["GET"]}}],"collection":[{"href":"https:\/\/adremlimburg.nl\/en\/wp-json\/wp\/v2\/posts"}],"about":[{"href":"https:\/\/adremlimburg.nl\/en\/wp-json\/wp\/v2\/types\/post"}],"author":[{"embeddable":true,"href":"https:\/\/adremlimburg.nl\/en\/wp-json\/wp\/v2\/users\/15"}],"replies":[{"embeddable":true,"href":"https:\/\/adremlimburg.nl\/en\/wp-json\/wp\/v2\/comments?post=34614"}],"version-history":[{"count":3,"href":"https:\/\/adremlimburg.nl\/en\/wp-json\/wp\/v2\/posts\/34614\/revisions"}],"predecessor-version":[{"id":41810,"href":"https:\/\/adremlimburg.nl\/en\/wp-json\/wp\/v2\/posts\/34614\/revisions\/41810"}],"wp:featuredmedia":[{"embeddable":true,"href":"https:\/\/adremlimburg.nl\/en\/wp-json\/wp\/v2\/media\/41811"}],"wp:attachment":[{"href":"https:\/\/adremlimburg.nl\/en\/wp-json\/wp\/v2\/media?parent=34614"}],"wp:term":[{"taxonomy":"category","embeddable":true,"href":"https:\/\/adremlimburg.nl\/en\/wp-json\/wp\/v2\/categories?post=34614"},{"taxonomy":"post_tag","embeddable":true,"href":"https:\/\/adremlimburg.nl\/en\/wp-json\/wp\/v2\/tags?post=34614"}],"curies":[{"name":"wp","href":"https:\/\/api.w.org\/{rel}","templated":true}]}}